{"id":13674,"date":"2026-08-11T19:55:00","date_gmt":"2026-08-11T18:55:00","guid":{"rendered":"https:\/\/kilimanjaroclimbingclub.com\/?p=13674"},"modified":"2026-08-11T21:05:57","modified_gmt":"2026-08-11T20:05:57","slug":"kilimanjaro-acclimatization-days-explained-what-happens-during-a-rest-day-at-high-altitude","status":"publish","type":"post","link":"https:\/\/kilimanjaroclimbingclub.com\/pl\/kilimanjaro-acclimatization-days-explained-what-happens-during-a-rest-day-at-high-altitude\/","title":{"rendered":"Dni aklimatyzacji na Kilimand\u017caro \u2013 wyja\u015bnienie: co dzieje si\u0119 podczas dnia odpoczynku na du\u017cej wysoko\u015bci?"},"content":{"rendered":"<div data-elementor-type=\"wp-post\" data-elementor-id=\"13674\" class=\"elementor elementor-13674\" data-elementor-post-type=\"post\">\n\t\t\t\t<div class=\"elementor-element elementor-element-35c04f3 e-flex e-con-boxed e-con e-parent\" data-id=\"35c04f3\" data-element_type=\"container\" data-e-type=\"container\">\n\t\t\t\t\t<div class=\"e-con-inner\">\n\t\t\t\t<div class=\"elementor-element elementor-element-254a041 elementor-widget elementor-widget-text-editor\" data-id=\"254a041\" data-element_type=\"widget\" data-e-type=\"widget\" data-widget_type=\"text-editor.default\">\n\t\t\t\t\t\t\t\t\t<p class=\"PDq2pG_selectionAnchorContainer translation-block\" data-start=\"876\" data-end=\"986\">Planuj\u0105c wypraw\u0119 na Kilimand\u017caro, jedn\u0105 z najwa\u017cniejszych kwestii, kt\u00f3re nale\u017cy zrozumie\u0107, jest <strong data-start=\"966\" data-end=\"985\">aklimatyzacja<\/strong>.<\/p><p data-start=\"988\" data-end=\"1183\">Mo\u017cesz zauwa\u017cy\u0107, \u017ce niekt\u00f3re plany wypraw na Kilimand\u017caro uwzgl\u0119dniaj\u0105 dodatkowy dzie\u0144 aklimatyzacji, podczas gdy inne zak\u0142adaj\u0105 ci\u0105g\u0142\u0105 wspinaczk\u0119 ka\u017cdego dnia. Dla os\u00f3b, kt\u00f3re po raz pierwszy wybieraj\u0105 si\u0119 na tak\u0105 wypraw\u0119, mo\u017ce to rodzi\u0107 istotne pytanie:<\/p><p data-start=\"1185\" data-end=\"1256\"><strong data-start=\"1185\" data-end=\"1256\">Co tak naprawd\u0119 dzieje si\u0119 podczas dnia aklimatyzacyjnego na Kilimand\u017caro?<\/strong><\/p><p data-start=\"1258\" data-end=\"1539\">Dzie\u0144 aklimatyzacji nie musi oznacza\u0107 czasu sp\u0119dzonego bezczynnie w namiocie. W zale\u017cno\u015bci od trasy i harmonogramu mo\u017ce on obejmowa\u0107 kr\u00f3tsz\u0105 w\u0119dr\u00f3wk\u0119 na wi\u0119ksz\u0105 wysoko\u015b\u0107, odpoczynek w obozie, jedzenie, nawadnianie organizmu oraz czas na przystosowanie si\u0119 do warunk\u00f3w przed dalsz\u0105 wspinaczk\u0105.<\/p><p data-start=\"1541\" data-end=\"1700\">Niniejszy przewodnik wyja\u015bnia, na czym polega aklimatyzacja, dlaczego warto uwzgl\u0119dni\u0107 dodatkowe dni oraz czego uczestnicy trekkingu mog\u0105 si\u0119 spodziewa\u0107 podczas dnia aklimatyzacyjnego na Kilimand\u017caro.<\/p>\t\t\t\t\t\t\t\t<\/div>\n\t\t\t\t<div class=\"elementor-element elementor-element-90d9e58 elementor-widget elementor-widget-heading\" data-id=\"90d9e58\" data-element_type=\"widget\" data-e-type=\"widget\" data-widget_type=\"heading.default\">\n\t\t\t\t\t<h2 class=\"elementor-heading-title elementor-size-default\">Czym jest aklimatyzacja?<\/h2>\t\t\t\t<\/div>\n\t\t\t\t<div class=\"elementor-element elementor-element-7df6c64 elementor-widget elementor-widget-text-editor\" data-id=\"7df6c64\" data-element_type=\"widget\" data-e-type=\"widget\" data-widget_type=\"text-editor.default\">\n\t\t\t\t\t\t\t\t\t<p class=\"PDq2pG_selectionAnchorContainer\" data-start=\"1736\" data-end=\"1858\"><strong data-start=\"1736\" data-end=\"1858\">Aklimatyzacja to proces, w kt\u00f3rym organizm stopniowo przystosowuje si\u0119 do mniejszej dost\u0119pno\u015bci tlenu na wi\u0119kszych wysoko\u015bciach.<\/strong><\/p><p data-start=\"1860\" data-end=\"1964\">W miar\u0119 wspinania si\u0119 wy\u017cej ci\u015bnienie atmosferyczne spada, a z ka\u017cdym oddechem dost\u0119pnych jest mniej tlenu.<\/p><p data-start=\"1966\" data-end=\"1996\">Tw\u00f3j organizm potrzebuje czasu na przystosowanie si\u0119.<\/p><p data-start=\"1998\" data-end=\"2107\">Dlatego zbyt szybka wspinaczka na Kilimand\u017caro mo\u017ce zwi\u0119kszy\u0107 ryzyko wyst\u0105pienia problem\u00f3w zwi\u0105zanych z wysoko\u015bci\u0105.<\/p><p data-start=\"2109\" data-end=\"2219\">Aklimatyzacja jest zatem jedn\u0105 z najwa\u017cniejszych kwestii przy wyborze trasy i planu podr\u00f3\u017cy.<\/p><p data-start=\"2321\" data-end=\"2389\">\u00a0<\/p>\t\t\t\t\t\t\t\t<\/div>\n\t\t\t\t<div class=\"elementor-element elementor-element-3101fdd elementor-widget elementor-widget-heading\" data-id=\"3101fdd\" data-element_type=\"widget\" data-e-type=\"widget\" data-widget_type=\"heading.default\">\n\t\t\t\t\t<h2 class=\"elementor-heading-title elementor-size-default\">Dlaczego aklimatyzacja na Kilimand\u017caro jest wa\u017cna?<\/h2>\t\t\t\t<\/div>\n\t\t\t\t<div class=\"elementor-element elementor-element-cf2f324 elementor-widget elementor-widget-text-editor\" data-id=\"cf2f324\" data-element_type=\"widget\" data-e-type=\"widget\" data-widget_type=\"text-editor.default\">\n\t\t\t\t\t\t\t\t\t<p class=\"PDq2pG_selectionAnchorContainer translation-block\" data-start=\"2278\" data-end=\"2352\">Mount Kilimanjaro wznosi si\u0119 na wysoko\u015b\u0107 <strong data-start=\"2305\" data-end=\"2335\">5895 metr\u00f3w (19 341 st\u00f3p)<\/strong> nad poziomem morza.<\/p><p data-start=\"2354\" data-end=\"2438\">R\u00f3\u017cnica mi\u0119dzy w\u0119dr\u00f3wk\u0105 na poziomie morza a trekkingiem w pobli\u017cu szczytu jest ogromna.<\/p><p data-start=\"2440\" data-end=\"2506\">Na wi\u0119kszych wysoko\u015bciach organizm mo\u017ce zareagowa\u0107 objawami takimi jak:<\/p><ul data-start=\"2508\" data-end=\"2612\"><li data-section-id=\"1s6kozz\" data-start=\"2508\" data-end=\"2518\">B\u00f3l g\u0142owy<\/li><li data-section-id=\"19q95z9\" data-start=\"2519\" data-end=\"2528\">Zm\u0119czenie<\/li><li data-section-id=\"1btwvc7\" data-start=\"2529\" data-end=\"2540\">Zawr\u00f3t g\u0142owy<\/li><li data-section-id=\"1n90rgk\" data-start=\"2541\" data-end=\"2559\">Zmniejszony apetyt<\/li><li data-section-id=\"1t34gsl\" data-start=\"2560\" data-end=\"2568\">Md\u0142o\u015bci<\/li><li data-section-id=\"1qogn2s\" data-start=\"2569\" data-end=\"2590\">Trudno\u015bci z zasypianiem<\/li><li data-section-id=\"ez7yuo\" data-start=\"2591\" data-end=\"2612\">Duszno\u015b\u0107<\/li><\/ul><p data-start=\"2614\" data-end=\"2737\">Nie u ka\u017cdego wyst\u0119puj\u0105 te same objawy, a sprawno\u015b\u0107 fizyczna nie gwarantuje odporno\u015bci na chorob\u0119 wysoko\u015bciow\u0105.<\/p><p data-start=\"2739\" data-end=\"2822\">Najlepszym podej\u015bciem jest odpowiedzialna wspinaczka i otwarta komunikacja z przewodnikami.<\/p><p data-start=\"2796\" data-end=\"2893\">\u00a0<\/p>\t\t\t\t\t\t\t\t<\/div>\n\t\t\t\t<div class=\"elementor-element elementor-element-501df50 elementor-widget elementor-widget-heading\" data-id=\"501df50\" data-element_type=\"widget\" data-e-type=\"widget\" data-widget_type=\"heading.default\">\n\t\t\t\t\t<h2 class=\"elementor-heading-title elementor-size-default\">Jak wygl\u0105da dzie\u0144 aklimatyzacji na Kilimand\u017caro?<\/h2>\t\t\t\t<\/div>\n\t\t\t\t<div class=\"elementor-element elementor-element-5f121a3 elementor-widget elementor-widget-text-editor\" data-id=\"5f121a3\" data-element_type=\"widget\" data-e-type=\"widget\" data-widget_type=\"text-editor.default\">\n\t\t\t\t\t\t\t\t\t<p class=\"PDq2pG_selectionAnchorContainer\" data-start=\"2887\" data-end=\"2956\">Dzie\u0144 aklimatyzacyjny mo\u017ce r\u00f3\u017cni\u0107 si\u0119 w zale\u017cno\u015bci od trasy i planu wyprawy.<\/p><p data-start=\"2958\" data-end=\"2984\">Typowy dzie\u0144 mo\u017ce obejmowa\u0107:<\/p><h3 data-section-id=\"1x3yjkc\" data-start=\"2986\" data-end=\"3015\">1. Kr\u00f3tsza poranna w\u0119dr\u00f3wka<\/h3><p data-start=\"3017\" data-end=\"3094\">Zamiast odbywa\u0107 ca\u0142odniow\u0105 w\u0119dr\u00f3wk\u0119, mo\u017cesz w\u0119drowa\u0107 przez kr\u00f3tszy czas.<\/p><p data-start=\"3096\" data-end=\"3155\">Celem niekoniecznie jest pokonanie du\u017cej odleg\u0142o\u015bci.<\/p><p data-start=\"3157\" data-end=\"3266\">Celem jest poddanie organizmu dzia\u0142aniu wi\u0119kszej wysoko\u015bci przy jednoczesnym utrzymaniu og\u00f3lnego obci\u0105\u017cenia fizycznego na mo\u017cliwym do opanowania poziomie.<\/p><h3 data-section-id=\"1spe9v8\" data-start=\"3268\" data-end=\"3292\">2. Powr\u00f3t do obozu<\/h3><p data-start=\"3294\" data-end=\"3361\">Po osi\u0105gni\u0119ciu zaplanowanej wysoko\u015bci grupa mo\u017ce wr\u00f3ci\u0107 do obozu.<\/p><p data-start=\"3363\" data-end=\"3477\" class=\"translation-block\">Mo\u017ce to stanowi\u0107 okazj\u0119 do zastosowania zasady <strong data-start=\"3409\" data-end=\"3436\">\u201ewspinaj si\u0119 wysoko, \u015bpij nisko\u201d<\/strong>, o ile pozwala na to plan wyprawy.<\/p><h3 data-section-id=\"gr7sw3\" data-start=\"3479\" data-end=\"3503\">3. Odpoczynek i regeneracja<\/h3><p data-start=\"3505\" data-end=\"3540\">Pozosta\u0142y czas mo\u017cna wykorzysta\u0107 na:<\/p><ul data-start=\"3542\" data-end=\"3660\"><li data-section-id=\"jv0xlk\" data-start=\"3542\" data-end=\"3551\">Spoczynkowy<\/li><li data-section-id=\"1yrah88\" data-start=\"3552\" data-end=\"3560\">Jedzenie<\/li><li data-section-id=\"4yo5wa\" data-start=\"3561\" data-end=\"3572\">Jedzenie<\/li><li data-section-id=\"clups4\" data-start=\"3573\" data-end=\"3593\">Sprawdzanie sprz\u0119tu<\/li><li data-section-id=\"11s2e03\" data-start=\"3594\" data-end=\"3627\">Przygotowania do nast\u0119pnego dnia<\/li><li data-section-id=\"1umpjyk\" data-start=\"3628\" data-end=\"3660\">Monitorowanie samopoczucia organizmu<\/li><\/ul><h3 data-section-id=\"dvao28\" data-start=\"3662\" data-end=\"3685\">4. Ocena przewodnika<\/h3><p data-start=\"3687\" data-end=\"3749\">Twoi przewodnicy mog\u0105 monitorowa\u0107 Tw\u00f3j stan i pyta\u0107 o objawy.<\/p><p data-start=\"3751\" data-end=\"3834\">Je\u015bli wyst\u0105pi\u0105 u Ciebie nietypowe lub nasilaj\u0105ce si\u0119 objawy, natychmiast poinformuj o tym swojego przewodnika.<\/p>\t\t\t\t\t\t\t\t<\/div>\n\t\t\t\t<div class=\"elementor-element elementor-element-9258542 elementor-widget elementor-widget-heading\" data-id=\"9258542\" data-element_type=\"widget\" data-e-type=\"widget\" data-widget_type=\"heading.default\">\n\t\t\t\t\t<h2 class=\"elementor-heading-title elementor-size-default\">Czy dzie\u0144 aklimatyzacji oznacza, \u017ce \u200b\u200bsi\u0119 nie w\u0119druje?<\/h2>\t\t\t\t<\/div>\n\t\t\t\t<div class=\"elementor-element elementor-element-3dac114 elementor-widget elementor-widget-text-editor\" data-id=\"3dac114\" data-element_type=\"widget\" data-e-type=\"widget\" data-widget_type=\"text-editor.default\">\n\t\t\t\t\t\t\t\t\t<p class=\"PDq2pG_selectionAnchorContainer\" data-start=\"3894\" data-end=\"3910\">Niekoniecznie.<\/p><p data-start=\"3912\" data-end=\"3954\" class=\"translation-block\">Termin <strong data-start=\"3921\" data-end=\"3935\">\u201edzie\u0144 odpoczynku\u201d<\/strong> mo\u017ce by\u0107 myl\u0105cy.<\/p><p data-start=\"3956\" data-end=\"4052\">W przypadku niekt\u00f3rych plan\u00f3w wyprawy na Kilimand\u017caro dzie\u0144 aklimatyzacji nadal wi\u0105\u017ce si\u0119 z kilkugodzinnym marszem.<\/p><p data-start=\"4054\" data-end=\"4167\">R\u00f3\u017cnica polega na tym, \u017ce dzie\u0144 ten mo\u017ce zosta\u0107 zaplanowany pod k\u0105tem aklimatyzacji wysoko\u015bciowej, a nie po prostu maksymalizacji pokonanego dystansu.<\/p><p data-start=\"4169\" data-end=\"4207\">W zale\u017cno\u015bci od planu podr\u00f3\u017cy mo\u017cesz:<\/p><p data-start=\"4209\" data-end=\"4255\"><strong data-start=\"4209\" data-end=\"4255\">Ob\u00f3z \u2192 W\u0119dr\u00f3wka wy\u017cej \u2192 Powr\u00f3t do obozu \u2192 Odpoczynek<\/strong><\/p><p data-start=\"4257\" data-end=\"4333\">Mo\u017ce to zapewni\u0107 zar\u00f3wno regeneracj\u0119 fizyczn\u0105, jak i dodatkow\u0105 ekspozycj\u0119 na warunki wysokog\u00f3rskie.<\/p>\t\t\t\t\t\t\t\t<\/div>\n\t\t\t\t<div class=\"elementor-element elementor-element-9ba50d8 elementor-widget elementor-widget-heading\" data-id=\"9ba50d8\" data-element_type=\"widget\" data-e-type=\"widget\" data-widget_type=\"heading.default\">\n\t\t\t\t\t<h2 class=\"elementor-heading-title elementor-size-default\">Na czym polega zasada \u201ewspinaj si\u0119 wysoko, \u015bpij nisko\u201d?<\/h2>\t\t\t\t<\/div>\n\t\t\t\t<div class=\"elementor-element elementor-element-736721e elementor-widget elementor-widget-text-editor\" data-id=\"736721e\" data-element_type=\"widget\" data-e-type=\"widget\" data-widget_type=\"text-editor.default\">\n\t\t\t\t\t\t\t\t\t<p class=\"PDq2pG_selectionAnchorContainer translation-block\" data-start=\"4376\" data-end=\"4446\"><strong data-start=\"4376\" data-end=\"4401\">Wchod\u017a wysoko, \u015bpij nisko<\/strong> to powszechnie stosowana strategia aklimatyzacji.<\/p><p data-start=\"4448\" data-end=\"4466\">Podstawowa idea jest taka:<\/p><blockquote data-start=\"4468\" data-end=\"4580\"><p data-start=\"4470\" data-end=\"4580\">W ci\u0105gu dnia udawaj si\u0119 na wy\u017cej po\u0142o\u017cone tereny, a na noc wracaj ni\u017cej, o ile pozwala na to plan podr\u00f3\u017cy.<\/p><\/blockquote><p data-start=\"4582\" data-end=\"4683\">Pozwala to na ekspozycj\u0119 organizmu na wi\u0119ksz\u0105 wysoko\u015b\u0107, a jednocze\u015bnie umo\u017cliwia sen na stosunkowo ni\u017cszym poziomie.<\/p><p data-start=\"4685\" data-end=\"4836\">Nie ka\u017cdy dzie\u0144 wyprawy na Kilimand\u017caro przebiega wed\u0142ug tego samego schematu, jednak plany niekt\u00f3rych tras uwzgl\u0119dniaj\u0105 profile wysoko\u015bciowe opracowane tak, aby sprzyja\u0107 aklimatyzacji.<\/p><p data-start=\"4838\" data-end=\"4939\">Tw\u00f3j przewodnik i organizator powinni ustali\u0107 odpowiednie dzienne tempo oraz plan podr\u00f3\u017cy w oparciu o tras\u0119.<\/p>\t\t\t\t\t\t\t\t<\/div>\n\t\t\t\t<div class=\"elementor-element elementor-element-1d3788e elementor-widget elementor-widget-heading\" data-id=\"1d3788e\" data-element_type=\"widget\" data-e-type=\"widget\" data-widget_type=\"heading.default\">\n\t\t\t\t\t<h2 class=\"elementor-heading-title elementor-size-default\">Ile dni aklimatyzacji potrzeba na Kilimand\u017caro?<\/h2>\t\t\t\t<\/div>\n\t\t\t\t<div class=\"elementor-element elementor-element-ac08de2 elementor-widget elementor-widget-text-editor\" data-id=\"ac08de2\" data-element_type=\"widget\" data-e-type=\"widget\" data-widget_type=\"text-editor.default\">\n\t\t\t\t\t\t\t\t\t<p class=\"PDq2pG_selectionAnchorContainer\" data-start=\"5007\" data-end=\"5065\">Nie ma uniwersalnej liczby, kt\u00f3ra sprawdza\u0142aby si\u0119 w przypadku ka\u017cdego wspinacza.<\/p><p data-start=\"5067\" data-end=\"5136\">Odpowiedni zakres aklimatyzacji zale\u017cy od takich czynnik\u00f3w, jak:<\/p><ul data-start=\"5138\" data-end=\"5286\"><li data-section-id=\"179651t\" data-start=\"5138\" data-end=\"5145\">Trasa<\/li><li data-section-id=\"smv1ri\" data-start=\"5146\" data-end=\"5171\">Liczba dni trekkingu<\/li><li data-section-id=\"hdezbr\" data-start=\"5172\" data-end=\"5194\">Dzienne przewy\u017cszenie<\/li><li data-section-id=\"jx2drr\" data-start=\"5195\" data-end=\"5225\">Poprzednie do\u015bwiadczenie wysoko\u015bciowe<\/li><li data-section-id=\"sjpcfd\" data-start=\"5226\" data-end=\"5259\">Indywidualna reakcja na wysoko\u015b\u0107<\/li><li data-section-id=\"fujkeq\" data-start=\"5260\" data-end=\"5286\">Og\u00f3lny plan podr\u00f3\u017cy<\/li><\/ul><p data-start=\"5288\" data-end=\"5396\" class=\"translation-block\">Og\u00f3lnie rzecz bior\u0105c, <strong data-start=\"5300\" data-end=\"5372\">d\u0142u\u017csze trasy zapewniaj\u0105 wi\u0119cej czasu na stopniow\u0105 aklimatyzacj\u0119<\/strong> ni\u017c bardzo kr\u00f3tkie wspinaczki.<\/p><p data-start=\"5398\" data-end=\"5491\">To jeden z powod\u00f3w, dla kt\u00f3rych wyb\u00f3r trasy nie powinien opiera\u0107 si\u0119 wy\u0142\u0105cznie na cenie czy liczbie dni.<\/p>\t\t\t\t\t\t\t\t<\/div>\n\t\t\t\t<div class=\"elementor-element elementor-element-176cb61 elementor-widget elementor-widget-heading\" data-id=\"176cb61\" data-element_type=\"widget\" data-e-type=\"widget\" data-widget_type=\"heading.default\">\n\t\t\t\t\t<h2 class=\"elementor-heading-title elementor-size-default\">Kt\u00f3re szlaki na Kilimand\u017caro oferuj\u0105 lepsze mo\u017cliwo\u015bci aklimatyzacji?<\/h2>\t\t\t\t<\/div>\n\t\t\t\t<div class=\"elementor-element elementor-element-4286130 elementor-widget elementor-widget-text-editor\" data-id=\"4286130\" data-element_type=\"widget\" data-e-type=\"widget\" data-widget_type=\"text-editor.default\">\n\t\t\t\t\t\t\t\t\t<p class=\"PDq2pG_selectionAnchorContainer\" data-start=\"5570\" data-end=\"5621\">R\u00f3\u017cne trasy maj\u0105 r\u00f3\u017cne profile wysoko\u015bciowe.<\/p><h3 data-section-id=\"9lnpq8\" data-start=\"5623\" data-end=\"5640\">Trasa Lemosho<\/h3><p data-start=\"5642\" data-end=\"5727\">Lemosho oferuje warianty tras o d\u0142u\u017cszym czasie przej\u015bcia oraz stopniowe podej\u015bcie w wy\u017csze partie g\u00f3ry.<\/p><p data-start=\"5729\" data-end=\"5824\">Cz\u0119sto uwa\u017ca si\u0119 to za doskona\u0142y wyb\u00f3r dla os\u00f3b uprawiaj\u0105cych trekking, kt\u00f3re chc\u0105 mie\u0107 wi\u0119cej czasu na aklimatyzacj\u0119 wysoko\u015bciow\u0105.<\/p><h3 data-section-id=\"1xtfm9\" data-start=\"5826\" data-end=\"5843\">Trasa Machame<\/h3><p data-start=\"5845\" data-end=\"5909\">Trasa Machame oferuje r\u00f3wnie\u017c warianty o d\u0142u\u017cszym czasie przej\u015bcia oraz zr\u00f3\u017cnicowany teren.<\/p><p data-start=\"5911\" data-end=\"6010\">Niekt\u00f3re trasy stwarzaj\u0105 mo\u017cliwo\u015b\u0107 pokonania przewy\u017cszenia, po czym nast\u0119puje zej\u015bcie na ni\u017csz\u0105 wysoko\u015b\u0107 na czas snu.<\/p><h3 data-section-id=\"64vg4j\" data-start=\"6012\" data-end=\"6032\">Northern Circuit<\/h3><p data-start=\"6034\" data-end=\"6139\">Szlak Northern Circuit s\u0142ynie z d\u0142u\u017cszych wariant\u00f3w trasy oraz wyd\u0142u\u017conego podej\u015bcia wok\u00f3\u0142 g\u00f3ry.<\/p><p data-start=\"6141\" data-end=\"6214\">Dzi\u0119ki temu uczestnicy wyprawy maj\u0105 wi\u0119cej czasu na g\u00f3rze przed dotarciem na szczyt.<\/p><h3 data-section-id=\"2hev98\" data-start=\"6216\" data-end=\"6233\">Trasa Marangu<\/h3><p data-start=\"6235\" data-end=\"6313\">Tras\u0119 Marangu mo\u017cna pokona\u0107 w stosunkowo kr\u00f3tszym czasie, w zale\u017cno\u015bci od planu wyprawy.<\/p><p data-start=\"6315\" data-end=\"6429\">Poniewa\u017c kr\u00f3tsze plany podr\u00f3\u017cy daj\u0105 mniej czasu na aklimatyzacj\u0119, warto rozwa\u017cy\u0107 wyb\u00f3r d\u0142u\u017cszej wersji.<\/p><h3 data-section-id=\"1gk1grb\" data-start=\"6431\" data-end=\"6446\">Trasa Umbwe<\/h3><p data-start=\"6448\" data-end=\"6495\">Umbwe s\u0142ynie ze stromego i bezpo\u015bredniego podej\u015bcia.<\/p><p data-start=\"6497\" data-end=\"6579\">Szybszy przyrost wysoko\u015bci sprawia, \u017ce \u200b\u200bstaranne zaplanowanie trasy jest szczeg\u00f3lnie istotne.<\/p>\t\t\t\t\t\t\t\t<\/div>\n\t\t\t\t<div class=\"elementor-element elementor-element-238bcea elementor-widget elementor-widget-heading\" data-id=\"238bcea\" data-element_type=\"widget\" data-e-type=\"widget\" data-widget_type=\"heading.default\">\n\t\t\t\t\t<h2 class=\"elementor-heading-title elementor-size-default\">Czy b\u0119d\u0105c w bardzo dobrej kondycji, mo\u017cna szybciej si\u0119 zaaklimatyzowa\u0107?<\/h2>\t\t\t\t<\/div>\n\t\t\t\t<div class=\"elementor-element elementor-element-613a66d elementor-widget elementor-widget-text-editor\" data-id=\"613a66d\" data-element_type=\"widget\" data-e-type=\"widget\" data-widget_type=\"text-editor.default\">\n\t\t\t\t\t\t\t\t\t<p class=\"PDq2pG_selectionAnchorContainer\" data-start=\"6637\" data-end=\"6657\"><strong data-start=\"6637\" data-end=\"6657\">Niekoniecznie.<\/strong><\/p><p data-start=\"6659\" data-end=\"6712\">Sprawno\u015b\u0107 fizyczna i aklimatyzacja to dwie r\u00f3\u017cne rzeczy.<\/p><p data-start=\"6714\" data-end=\"6780\">Nawet sportowiec w doskona\u0142ej kondycji mo\u017ce odczuwa\u0107 objawy zwi\u0105zane z przebywaniem na du\u017cej wysoko\u015bci.<\/p><p data-start=\"6782\" data-end=\"6947\">Dobra kondycja fizyczna mo\u017ce pom\u00f3c w radzeniu sobie z fizycznymi wyzwaniami trekkingu, nie oznacza to jednak, \u017ce organizm automatycznie szybciej przystosowuje si\u0119 do ograniczonej dost\u0119pno\u015bci tlenu.<\/p><p data-start=\"6949\" data-end=\"7013\">Dlatego do\u015bwiadczeni wspinacze wci\u0105\u017c musz\u0105 szanowa\u0107 wysoko\u015b\u0107.<\/p>\t\t\t\t\t\t\t\t<\/div>\n\t\t\t\t<div class=\"elementor-element elementor-element-e8674aa elementor-widget elementor-widget-heading\" data-id=\"e8674aa\" data-element_type=\"widget\" data-e-type=\"widget\" data-widget_type=\"heading.default\">\n\t\t\t\t\t<h2 class=\"elementor-heading-title elementor-size-default\">Podsumowanie <\/h2>\t\t\t\t<\/div>\n\t\t\t\t<div class=\"elementor-element elementor-element-2defb35 elementor-widget elementor-widget-text-editor\" data-id=\"2defb35\" data-element_type=\"widget\" data-e-type=\"widget\" data-widget_type=\"text-editor.default\">\n\t\t\t\t\t\t\t\t\t<p class=\"PDq2pG_selectionAnchorContainer\" data-start=\"11954\" data-end=\"12007\">Aklimatyzacja to nie tylko zrobienie sobie dnia wolnego.<\/p><p data-start=\"12009\" data-end=\"12108\" class=\"translation-block\">Chodzi o zapewnienie organizmowi <strong data-start=\"12042\" data-end=\"12107\">czasu i warunk\u00f3w niezb\u0119dnych do przystosowania si\u0119 do rosn\u0105cej wysoko\u015bci<\/strong>.<\/p><p data-start=\"12110\" data-end=\"12255\">Dobrze zaplanowany program wyprawy na Kilimand\u017caro uwzgl\u0119dnia stopniowe zdobywanie wysoko\u015bci, odpowiednie tempo, odpoczynek, nawadnianie, w\u0142a\u015bciwe od\u017cywianie oraz sta\u0142e monitorowanie stanu uczestnik\u00f3w.<\/p><p data-start=\"12257\" data-end=\"12379\">Je\u015bli planujesz swoj\u0105 pierwsz\u0105 wypraw\u0119 na Kilimand\u017caro, nie wybieraj trasy, kieruj\u0105c si\u0119 wy\u0142\u0105cznie liczb\u0105 dni lub cen\u0105.<\/p><p data-start=\"12381\" data-end=\"12531\">We\u017a pod uwag\u0119 spos\u00f3b, w jaki trasa prowadzi do g\u00f3ry, tempo nabierania wysoko\u015bci oraz to, czy harmonogram przewiduje wystarczaj\u0105co du\u017co czasu na aklimatyzacj\u0119 organizmu.<\/p><p data-start=\"12533\" data-end=\"12683\" data-is-last-node=\"\" data-is-only-node=\"\"><strong data-start=\"12533\" data-end=\"12683\" data-is-last-node=\"\">Celem nie jest jak najszybsze zdobycie wysoko\u015bci, lecz bezpieczne dotarcie na szczyt i zapewnienie sobie jak najlepszych wra\u017ce\u0144 z trekkingu.<\/strong><\/p><p data-start=\"6061\" data-end=\"6169\">\u00a0<\/p>\t\t\t\t\t\t\t\t<\/div>\n\t\t\t\t<div class=\"elementor-element elementor-element-f4ce82f elementor-align-center elementor-widget elementor-widget-button\" data-id=\"f4ce82f\" data-element_type=\"widget\" data-e-type=\"widget\" data-widget_type=\"button.default\">\n\t\t\t\t\t\t\t\t\t\t<a class=\"elementor-button elementor-button-link elementor-size-sm\" href=\"https:\/\/kilimanjaroclimbingclub.com\/pl\/plan-kilimanjaro-climb\/\">\n\t\t\t\t\t\t<span class=\"elementor-button-content-wrapper\">\n\t\t\t\t\t\t\t\t\t<span class=\"elementor-button-text\">Gotowy zaplanowa\u0107 wspinaczk\u0119 na Kilimand\u017caro? Skontaktuj si\u0119 z naszymi ekspertami ju\u017c dzi\u015b, aby uzyska\u0107 bezp\u0142atn\u0105 konsultacj\u0119.<\/span>\n\t\t\t\t\t<\/span>\n\t\t\t\t\t<\/a>\n\t\t\t\t\t\t\t\t<\/div>\n\t\t\t\t<div class=\"elementor-element elementor-element-436542f elementor-widget elementor-widget-heading\" data-id=\"436542f\" data-element_type=\"widget\" data-e-type=\"widget\" data-widget_type=\"heading.default\">\n\t\t\t\t\t<h2 class=\"elementor-heading-title elementor-size-default\">Najcz\u0119\u015bciej zadawane pytania<\/h2>\t\t\t\t<\/div>\n\t\t\t\t<div class=\"elementor-element elementor-element-a452b1d elementor-widget elementor-widget-elementskit-faq\" data-id=\"a452b1d\" data-element_type=\"widget\" data-e-type=\"widget\" data-widget_type=\"elementskit-faq.default\">\n\t\t\t\t\t<div class=\"ekit-wid-con\" >\n                <div class=\"elementskit-single-faq elementor-repeater-item-c0cc4e5\">\n            <div class=\"elementskit-faq-header\">\n                <h2 class=\"elementskit-faq-title\">Czym jest dzie\u0144 aklimatyzacyjny na Kilimand\u017caro?<\/h2>\n            <\/div>\n            <div class=\"elementskit-faq-body\">\n                Dzie\u0144 aklimatyzacji to element harmonogramu wyprawy, kt\u00f3ry daje organizmowi dodatkowy czas na przystosowanie si\u0119 do wysoko\u015bci. Mo\u017ce on obejmowa\u0107 kr\u00f3tsz\u0105 w\u0119dr\u00f3wk\u0119, podej\u015bcie, powr\u00f3t do obozu oraz dodatkowy odpoczynek.            <\/div>\n        <\/div>\n                <div class=\"elementskit-single-faq elementor-repeater-item-acaa7f2\">\n            <div class=\"elementskit-faq-header\">\n                <h2 class=\"elementskit-faq-title\">Czy wybierasz si\u0119 na w\u0119dr\u00f3wk\u0119 w dniu aklimatyzacji?<\/h2>\n            <\/div>\n            <div class=\"elementskit-faq-body\">\n                Cz\u0119sto tak. W zale\u017cno\u015bci od planu wyprawy, dzie\u0144 aklimatyzacyjny mo\u017ce obejmowa\u0107 kr\u00f3tsz\u0105 w\u0119dr\u00f3wk\u0119, kt\u00f3ra ma na celu przyzwyczajenie organizmu do wi\u0119kszych wysoko\u015bci, a jednocze\u015bnie zapewnia dodatkowy czas na regeneracj\u0119.            <\/div>\n        <\/div>\n                <div class=\"elementskit-single-faq elementor-repeater-item-1c91862\">\n            <div class=\"elementskit-faq-header\">\n                <h2 class=\"elementskit-faq-title\">Czy dzie\u0144 aklimatyzacji to dzie\u0144 ca\u0142kowitego odpoczynku?<\/h2>\n            <\/div>\n            <div class=\"elementskit-faq-body\">\n                Niekoniecznie. Niekt\u00f3re plany podr\u00f3\u017cy zak\u0142adaj\u0105 aktywn\u0105 aklimatyzacj\u0119 zamiast ca\u0142kowitego odpoczynku.            <\/div>\n        <\/div>\n                <div class=\"elementskit-single-faq elementor-repeater-item-176e078\">\n            <div class=\"elementskit-faq-header\">\n                <h2 class=\"elementskit-faq-title\">Czy aklimatyzacja na Kilimand\u017caro jest konieczna?<\/h2>\n            <\/div>\n            <div class=\"elementskit-faq-body\">\n                Aklimatyzacja jest istotnym elementem trekkingu wysokog\u00f3rskiego. Wyb\u00f3r trasy umo\u017cliwiaj\u0105cej bardziej stopniowe zdobywanie wysoko\u015bci mo\u017ce pom\u00f3c organizmowi przystosowa\u0107 si\u0119 do zmieniaj\u0105cych si\u0119 warunk\u00f3w wysoko\u015bciowych.            <\/div>\n        <\/div>\n                <div class=\"elementskit-single-faq elementor-repeater-item-cbe5ea7\">\n            <div class=\"elementskit-faq-header\">\n                <h2 class=\"elementskit-faq-title\">Czy osoby o dobrej kondycji fizycznej r\u00f3wnie\u017c mog\u0105 dosta\u0107 choroby wysoko\u015bciowej?<\/h2>\n            <\/div>\n            <div class=\"elementskit-faq-body\">\n                Tak. Sprawno\u015b\u0107 fizyczna nie gwarantuje ochrony przed chorob\u0105 wysoko\u015bciow\u0105.            <\/div>\n        <\/div>\n                \n    <\/div>\t\t\t\t<\/div>\n\t\t\t\t<div class=\"elementor-element elementor-element-30e8e7f elementor-widget elementor-widget-elementskit-faq\" data-id=\"30e8e7f\" data-element_type=\"widget\" data-e-type=\"widget\" data-widget_type=\"elementskit-faq.default\">\n\t\t\t\t\t<div class=\"ekit-wid-con\" >\n                <div class=\"elementskit-single-faq elementor-repeater-item-c0cc4e5\">\n            <div class=\"elementskit-faq-header\">\n                <h2 class=\"elementskit-faq-title\">Czy musz\u0119 by\u0107 w bardzo dobrej kondycji, aby wspi\u0105\u0107 si\u0119 na Kilimand\u017caro?<\/h2>\n            <\/div>\n            <div class=\"elementskit-faq-body\">\n                Nie musisz by\u0107 wyczynowym sportowcem, ale warto przygotowa\u0107 si\u0119 na d\u0142ugie dni marszu i pokonywanie znacznych r\u00f3\u017cnic wzniesie\u0144. Budowanie wytrzyma\u0142o\u015bci i og\u00f3lnej sprawno\u015bci fizycznej mo\u017ce sprawi\u0107, \u017ce w\u0119dr\u00f3wka b\u0119dzie mniej wymagaj\u0105ca.            <\/div>\n        <\/div>\n                <div class=\"elementskit-single-faq elementor-repeater-item-acaa7f2\">\n            <div class=\"elementskit-faq-header\">\n                <h2 class=\"elementskit-faq-title\">Co warto \u0107wiczy\u0107 przed wspinaczk\u0105 na Kilimand\u017caro?<\/h2>\n            <\/div>\n            <div class=\"elementskit-faq-body\">\n                Regularne spacery, w\u0119dr\u00f3wki, chodzenie po wzniesieniach i schodach oraz d\u0142u\u017csze aktywno\u015bci wytrzyma\u0142o\u015bciowe mog\u0105 pom\u00f3c w przygotowaniu organizmu do fizycznych wyzwa\u0144 zwi\u0105zanych z trekkingiem.            <\/div>\n        <\/div>\n                <div class=\"elementskit-single-faq elementor-repeater-item-1c91862\">\n            <div class=\"elementskit-faq-header\">\n                <h2 class=\"elementskit-faq-title\">Jak przygotowa\u0107 si\u0119 na wysoko\u015b\u0107 na Kilimand\u017caro?<\/h2>\n            <\/div>\n            <div class=\"elementskit-faq-body\">\n                Dowiedz si\u0119 wi\u0119cej o chorobie wysoko\u015bciowej, wybierz odpowiedni plan wyprawy, zdobywaj wysoko\u015b\u0107 stopniowo, utrzymuj kontakt z przewodnikiem i niezw\u0142ocznie zg\u0142aszaj wszelkie objawy.            <\/div>\n        <\/div>\n                <div class=\"elementskit-single-faq elementor-repeater-item-176e078\">\n            <div class=\"elementskit-faq-header\">\n                <h2 class=\"elementskit-faq-title\">Czy do wej\u015bcia na Kilimand\u017caro potrzebne s\u0105 specjalne umiej\u0119tno\u015bci wspinaczkowe?<\/h2>\n            <\/div>\n            <div class=\"elementskit-faq-body\">\n                Standardowe trasy trekkingowe na Kilimand\u017caro nie wymagaj\u0105 technicznych umiej\u0119tno\u015bci wspinaczkowych. Wyprawa ta wymaga jednak odpowiedniej wytrzyma\u0142o\u015bci fizycznej i przygotowania.            <\/div>\n        <\/div>\n                <div class=\"elementskit-single-faq elementor-repeater-item-cbe5ea7\">\n            <div class=\"elementskit-faq-header\">\n                <h2 class=\"elementskit-faq-title\">Co powinienem spakowa\u0107 na Kilimand\u017caro?<\/h2>\n            <\/div>\n            <div class=\"elementskit-faq-body\">\n                Nale\u017cy przygotowa\u0107 odpowiednie obuwie trekkingowe, odzie\u017c \u201ena cebulk\u0119\u201d, ochron\u0119 przed deszczem, ciep\u0142\u0105 odzie\u017c na szczyt, sprz\u0119t do nawadniania, rzeczy osobiste oraz wszelki sprz\u0119t wskazany przez organizatora wyprawy.            <\/div>\n        <\/div>\n                \n    <\/div>\t\t\t\t<\/div>\n\t\t\t\t\t<\/div>\n\t\t\t\t<\/div>\n\t\t\t\t<\/div>","protected":false},"excerpt":{"rendered":"<p>When planning a Mount Kilimanjaro trek, one of the most important things to understand is acclimatization. You may notice that some Kilimanjaro itineraries include an additional acclimatization day while others continue climbing every day. For first-time trekkers, this can raise an important question: What actually happens during an acclimatization day on Kilimanjaro? An acclimatization day &#8230; <a title=\"Dni aklimatyzacji na Kilimand\u017caro \u2013 wyja\u015bnienie: co dzieje si\u0119 podczas dnia odpoczynku na du\u017cej wysoko\u015bci?\" class=\"read-more\" href=\"https:\/\/kilimanjaroclimbingclub.com\/pl\/kilimanjaro-acclimatization-days-explained-what-happens-during-a-rest-day-at-high-altitude\/\" aria-label=\"Dowiedz si\u0119 wi\u0119cej o Kilimanjaro Acclimatization Days Explained: What Happens During a Rest Day at High Altitude?\">Dowiedz si\u0119 wi\u0119cej<\/a><\/p>","protected":false},"author":1,"featured_media":0,"comment_status":"open","ping_status":"open","sticky":false,"template":"","format":"standard","meta":{"footnotes":""},"categories":[1],"tags":[],"class_list":["post-13674","post","type-post","status-publish","format-standard","hentry","category-uncategorized"],"aioseo_notices":[],"_links":{"self":[{"href":"https:\/\/kilimanjaroclimbingclub.com\/pl\/wp-json\/wp\/v2\/posts\/13674","targetHints":{"allow":["GET"]}}],"collection":[{"href":"https:\/\/kilimanjaroclimbingclub.com\/pl\/wp-json\/wp\/v2\/posts"}],"about":[{"href":"https:\/\/kilimanjaroclimbingclub.com\/pl\/wp-json\/wp\/v2\/types\/post"}],"author":[{"embeddable":true,"href":"https:\/\/kilimanjaroclimbingclub.com\/pl\/wp-json\/wp\/v2\/users\/1"}],"replies":[{"embeddable":true,"href":"https:\/\/kilimanjaroclimbingclub.com\/pl\/wp-json\/wp\/v2\/comments?post=13674"}],"version-history":[{"count":4,"href":"https:\/\/kilimanjaroclimbingclub.com\/pl\/wp-json\/wp\/v2\/posts\/13674\/revisions"}],"predecessor-version":[{"id":13679,"href":"https:\/\/kilimanjaroclimbingclub.com\/pl\/wp-json\/wp\/v2\/posts\/13674\/revisions\/13679"}],"wp:attachment":[{"href":"https:\/\/kilimanjaroclimbingclub.com\/pl\/wp-json\/wp\/v2\/media?parent=13674"}],"wp:term":[{"taxonomy":"category","embeddable":true,"href":"https:\/\/kilimanjaroclimbingclub.com\/pl\/wp-json\/wp\/v2\/categories?post=13674"},{"taxonomy":"post_tag","embeddable":true,"href":"https:\/\/kilimanjaroclimbingclub.com\/pl\/wp-json\/wp\/v2\/tags?post=13674"}],"curies":[{"name":"wp","href":"https:\/\/api.w.org\/{rel}","templated":true}]}}