{"id":13674,"date":"2026-08-11T19:55:00","date_gmt":"2026-08-11T18:55:00","guid":{"rendered":"https:\/\/kilimanjaroclimbingclub.com\/?p=13674"},"modified":"2026-08-11T21:05:57","modified_gmt":"2026-08-11T20:05:57","slug":"kilimanjaro-acclimatization-days-explained-what-happens-during-a-rest-day-at-high-altitude","status":"publish","type":"post","link":"https:\/\/kilimanjaroclimbingclub.com\/fr\/kilimanjaro-acclimatization-days-explained-what-happens-during-a-rest-day-at-high-altitude\/","title":{"rendered":"Tout savoir sur les jours d'acclimatation au Kilimandjaro : que se passe-t-il lors d'une journ\u00e9e de repos en haute altitude ?"},"content":{"rendered":"<div data-elementor-type=\"wp-post\" data-elementor-id=\"13674\" class=\"elementor elementor-13674\" data-elementor-post-type=\"post\">\n\t\t\t\t<div class=\"elementor-element elementor-element-35c04f3 e-flex e-con-boxed e-con e-parent\" data-id=\"35c04f3\" data-element_type=\"container\" data-e-type=\"container\">\n\t\t\t\t\t<div class=\"e-con-inner\">\n\t\t\t\t<div class=\"elementor-element elementor-element-254a041 elementor-widget elementor-widget-text-editor\" data-id=\"254a041\" data-element_type=\"widget\" data-e-type=\"widget\" data-widget_type=\"text-editor.default\">\n\t\t\t\t\t\t\t\t\t<p class=\"PDq2pG_selectionAnchorContainer translation-block\" data-start=\"876\" data-end=\"986\">Lors de la planification d'une ascension du mont Kilimandjaro, l'un des aspects les plus importants \u00e0 comprendre est <strong data-start=\"966\" data-end=\"985\">l'acclimatation<\/strong>.<\/p><p data-start=\"988\" data-end=\"1183\">Vous remarquerez peut-\u00eatre que certains itin\u00e9raires du Kilimandjaro pr\u00e9voient une journ\u00e9e d'acclimatation suppl\u00e9mentaire, tandis que d'autres impliquent de poursuivre l'ascension chaque jour. Pour ceux qui entreprennent ce trek pour la premi\u00e8re fois, cela peut soulever une question importante :<\/p><p data-start=\"1185\" data-end=\"1256\"><strong data-start=\"1185\" data-end=\"1256\">Que se passe-t-il concr\u00e8tement lors d'une journ\u00e9e d'acclimatation au Kilimandjaro ?<\/strong><\/p><p data-start=\"1258\" data-end=\"1539\">Une journ\u00e9e d'acclimatation ne consiste pas n\u00e9cessairement \u00e0 rester assis sans rien faire sous sa tente. Selon l'itin\u00e9raire, elle peut inclure une courte randonn\u00e9e vers une altitude plus \u00e9lev\u00e9e, du repos au campement, ainsi que des moments consacr\u00e9s \u00e0 s'alimenter et \u00e0 s'hydrater pour permettre \u00e0 l'organisme de s'adapter avant de poursuivre l'ascension.<\/p><p data-start=\"1541\" data-end=\"1700\">Ce guide explique le fonctionnement de l'acclimatation, l'utilit\u00e9 de jours suppl\u00e9mentaires et ce \u00e0 quoi les randonneurs peuvent s'attendre lors d'une journ\u00e9e d'acclimatation au Kilimandjaro.<\/p>\t\t\t\t\t\t\t\t<\/div>\n\t\t\t\t<div class=\"elementor-element elementor-element-90d9e58 elementor-widget elementor-widget-heading\" data-id=\"90d9e58\" data-element_type=\"widget\" data-e-type=\"widget\" data-widget_type=\"heading.default\">\n\t\t\t\t\t<h2 class=\"elementor-heading-title elementor-size-default\">Qu'est-ce que l'acclimatation ?<\/h2>\t\t\t\t<\/div>\n\t\t\t\t<div class=\"elementor-element elementor-element-7df6c64 elementor-widget elementor-widget-text-editor\" data-id=\"7df6c64\" data-element_type=\"widget\" data-e-type=\"widget\" data-widget_type=\"text-editor.default\">\n\t\t\t\t\t\t\t\t\t<p class=\"PDq2pG_selectionAnchorContainer\" data-start=\"1736\" data-end=\"1858\"><strong data-start=\"1736\" data-end=\"1858\">L'acclimatation est le processus par lequel votre organisme s'adapte progressivement \u00e0 une moindre disponibilit\u00e9 en oxyg\u00e8ne \u00e0 haute altitude.<\/strong><\/p><p data-start=\"1860\" data-end=\"1964\">\u00c0 mesure que vous gagnez en altitude, la pression atmosph\u00e9rique diminue et la quantit\u00e9 d'oxyg\u00e8ne disponible \u00e0 chaque respiration se r\u00e9duit.<\/p><p data-start=\"1966\" data-end=\"1996\">Votre corps a besoin de temps pour s'adapter.<\/p><p data-start=\"1998\" data-end=\"2107\">C'est pourquoi gravir le mont Kilimandjaro trop rapidement peut accro\u00eetre le risque de probl\u00e8mes li\u00e9s \u00e0 l'altitude.<\/p><p data-start=\"2109\" data-end=\"2219\">L'acclimatation est donc l'un des facteurs les plus importants \u00e0 prendre en compte lors du choix de votre itin\u00e9raire et de votre parcours.<\/p><p data-start=\"2321\" data-end=\"2389\">\u00a0<\/p>\t\t\t\t\t\t\t\t<\/div>\n\t\t\t\t<div class=\"elementor-element elementor-element-3101fdd elementor-widget elementor-widget-heading\" data-id=\"3101fdd\" data-element_type=\"widget\" data-e-type=\"widget\" data-widget_type=\"heading.default\">\n\t\t\t\t\t<h2 class=\"elementor-heading-title elementor-size-default\">Pourquoi l'acclimatation est-elle importante au Kilimandjaro ?<\/h2>\t\t\t\t<\/div>\n\t\t\t\t<div class=\"elementor-element elementor-element-cf2f324 elementor-widget elementor-widget-text-editor\" data-id=\"cf2f324\" data-element_type=\"widget\" data-e-type=\"widget\" data-widget_type=\"text-editor.default\">\n\t\t\t\t\t\t\t\t\t<p class=\"PDq2pG_selectionAnchorContainer translation-block\" data-start=\"2278\" data-end=\"2352\">Le mont Kilimandjaro s'\u00e9l\u00e8ve \u00e0 <strong data-start=\"2305\" data-end=\"2335\">5 895 m\u00e8tres (19 341 pieds)<\/strong> au-dessus du niveau de la mer.<\/p><p data-start=\"2354\" data-end=\"2438\">La diff\u00e9rence entre la randonn\u00e9e au niveau de la mer et le trekking pr\u00e8s du sommet est \u00e9norme.<\/p><p data-start=\"2440\" data-end=\"2506\">\u00c0 plus haute altitude, votre organisme peut r\u00e9agir par des sympt\u00f4mes tels que :<\/p><ul data-start=\"2508\" data-end=\"2612\"><li data-section-id=\"1s6kozz\" data-start=\"2508\" data-end=\"2518\">Mal de t\u00eate<\/li><li data-section-id=\"19q95z9\" data-start=\"2519\" data-end=\"2528\">Fatigue<\/li><li data-section-id=\"1btwvc7\" data-start=\"2529\" data-end=\"2540\">Vertiges<\/li><li data-section-id=\"1n90rgk\" data-start=\"2541\" data-end=\"2559\">Diminution de l'app\u00e9tit<\/li><li data-section-id=\"1t34gsl\" data-start=\"2560\" data-end=\"2568\">Naus\u00e9e<\/li><li data-section-id=\"1qogn2s\" data-start=\"2569\" data-end=\"2590\">Difficult\u00e9 \u00e0 dormir<\/li><li data-section-id=\"ez7yuo\" data-start=\"2591\" data-end=\"2612\">Essoufflement<\/li><\/ul><p data-start=\"2614\" data-end=\"2737\">Tout le monde ne pr\u00e9sente pas les m\u00eames sympt\u00f4mes, et une bonne condition physique ne garantit pas l'immunit\u00e9 contre le mal des montagnes.<\/p><p data-start=\"2739\" data-end=\"2822\">La meilleure approche consiste \u00e0 effectuer l'ascension de mani\u00e8re responsable et \u00e0 communiquer ouvertement avec vos guides.<\/p><p data-start=\"2796\" data-end=\"2893\">\u00a0<\/p>\t\t\t\t\t\t\t\t<\/div>\n\t\t\t\t<div class=\"elementor-element elementor-element-501df50 elementor-widget elementor-widget-heading\" data-id=\"501df50\" data-element_type=\"widget\" data-e-type=\"widget\" data-widget_type=\"heading.default\">\n\t\t\t\t\t<h2 class=\"elementor-heading-title elementor-size-default\">Que se passe-t-il lors d'une journ\u00e9e d'acclimatation au Kilimandjaro ?<\/h2>\t\t\t\t<\/div>\n\t\t\t\t<div class=\"elementor-element elementor-element-5f121a3 elementor-widget elementor-widget-text-editor\" data-id=\"5f121a3\" data-element_type=\"widget\" data-e-type=\"widget\" data-widget_type=\"text-editor.default\">\n\t\t\t\t\t\t\t\t\t<p class=\"PDq2pG_selectionAnchorContainer\" data-start=\"2887\" data-end=\"2956\">Une journ\u00e9e d'acclimatation peut varier selon l'itin\u00e9raire et le programme.<\/p><p data-start=\"2958\" data-end=\"2984\">Une journ\u00e9e type peut inclure :<\/p><h3 data-section-id=\"1x3yjkc\" data-start=\"2986\" data-end=\"3015\">1. Une randonn\u00e9e matinale plus courte<\/h3><p data-start=\"3017\" data-end=\"3094\">Au lieu d'effectuer une journ\u00e9e compl\u00e8te de randonn\u00e9e, vous pouvez marcher pendant une dur\u00e9e plus courte.<\/p><p data-start=\"3096\" data-end=\"3155\">L'objectif n'est pas n\u00e9cessairement de parcourir une longue distance.<\/p><p data-start=\"3157\" data-end=\"3266\">L'objectif est d'exposer votre corps \u00e0 une altitude plus \u00e9lev\u00e9e tout en maintenant la charge de travail physique globale \u00e0 un niveau g\u00e9rable.<\/p><h3 data-section-id=\"1spe9v8\" data-start=\"3268\" data-end=\"3292\">2. Retour au camp<\/h3><p data-start=\"3294\" data-end=\"3361\">Une fois l'altitude pr\u00e9vue atteinte, le groupe peut retourner au camp.<\/p><p data-start=\"3363\" data-end=\"3477\" class=\"translation-block\">Cela peut offrir l'occasion de suivre le principe \u00ab <strong data-start=\"3409\" data-end=\"3436\">monter haut, dormir bas<\/strong> \u00bb lorsque l'itin\u00e9raire le permet.<\/p><h3 data-section-id=\"gr7sw3\" data-start=\"3479\" data-end=\"3503\">3. Repos et r\u00e9cup\u00e9ration<\/h3><p data-start=\"3505\" data-end=\"3540\">Le temps restant peut \u00eatre utilis\u00e9 pour :<\/p><ul data-start=\"3542\" data-end=\"3660\"><li data-section-id=\"jv0xlk\" data-start=\"3542\" data-end=\"3551\">Au repos<\/li><li data-section-id=\"1yrah88\" data-start=\"3552\" data-end=\"3560\">Manger<\/li><li data-section-id=\"4yo5wa\" data-start=\"3561\" data-end=\"3572\">Manger<\/li><li data-section-id=\"clups4\" data-start=\"3573\" data-end=\"3593\">V\u00e9rification de l'\u00e9quipement<\/li><li data-section-id=\"11s2e03\" data-start=\"3594\" data-end=\"3627\">Pr\u00e9paration pour le lendemain<\/li><li data-section-id=\"1umpjyk\" data-start=\"3628\" data-end=\"3660\">Surveiller les sensations de votre corps<\/li><\/ul><h3 data-section-id=\"dvao28\" data-start=\"3662\" data-end=\"3685\">4. \u00c9valuation du guide<\/h3><p data-start=\"3687\" data-end=\"3749\">Vos guides peuvent surveiller votre \u00e9tat et vous interroger sur vos sympt\u00f4mes.<\/p><p data-start=\"3751\" data-end=\"3834\">Si vous ressentez des sympt\u00f4mes inhabituels ou qui s'aggravent, informez-en imm\u00e9diatement votre guide.<\/p>\t\t\t\t\t\t\t\t<\/div>\n\t\t\t\t<div class=\"elementor-element elementor-element-9258542 elementor-widget elementor-widget-heading\" data-id=\"9258542\" data-element_type=\"widget\" data-e-type=\"widget\" data-widget_type=\"heading.default\">\n\t\t\t\t\t<h2 class=\"elementor-heading-title elementor-size-default\">Une journ\u00e9e d'acclimatation signifie-t-elle que l'on ne marche pas ?<\/h2>\t\t\t\t<\/div>\n\t\t\t\t<div class=\"elementor-element elementor-element-3dac114 elementor-widget elementor-widget-text-editor\" data-id=\"3dac114\" data-element_type=\"widget\" data-e-type=\"widget\" data-widget_type=\"text-editor.default\">\n\t\t\t\t\t\t\t\t\t<p class=\"PDq2pG_selectionAnchorContainer\" data-start=\"3894\" data-end=\"3910\">Pas n\u00e9cessairement.<\/p><p data-start=\"3912\" data-end=\"3954\" class=\"translation-block\">Le terme <strong data-start=\"3921\" data-end=\"3935\">\u00ab jour de repos \u00bb<\/strong> peut \u00eatre trompeur.<\/p><p data-start=\"3956\" data-end=\"4052\">Sur certains itin\u00e9raires du Kilimandjaro, une journ\u00e9e d'acclimatation implique tout de m\u00eame plusieurs heures de marche.<\/p><p data-start=\"4054\" data-end=\"4167\">La diff\u00e9rence r\u00e9side dans le fait que la journ\u00e9e peut \u00eatre con\u00e7ue autour de l'adaptation \u00e0 l'altitude plut\u00f4t que de viser simplement \u00e0 maximiser la distance.<\/p><p data-start=\"4169\" data-end=\"4207\">Selon l'itin\u00e9raire, vous pourriez :<\/p><p data-start=\"4209\" data-end=\"4255\"><strong data-start=\"4209\" data-end=\"4255\">Campement \u2192 Ascension \u2192 Retour au campement \u2192 Repos<\/strong><\/p><p data-start=\"4257\" data-end=\"4333\">Cela permet \u00e0 la fois une r\u00e9cup\u00e9ration physique et une exposition suppl\u00e9mentaire \u00e0 l'altitude.<\/p>\t\t\t\t\t\t\t\t<\/div>\n\t\t\t\t<div class=\"elementor-element elementor-element-9ba50d8 elementor-widget elementor-widget-heading\" data-id=\"9ba50d8\" data-element_type=\"widget\" data-e-type=\"widget\" data-widget_type=\"heading.default\">\n\t\t\t\t\t<h2 class=\"elementor-heading-title elementor-size-default\">En quoi consiste le principe \u00ab monter haut, dormir bas \u00bb ?<\/h2>\t\t\t\t<\/div>\n\t\t\t\t<div class=\"elementor-element elementor-element-736721e elementor-widget elementor-widget-text-editor\" data-id=\"736721e\" data-element_type=\"widget\" data-e-type=\"widget\" data-widget_type=\"text-editor.default\">\n\t\t\t\t\t\t\t\t\t<p class=\"PDq2pG_selectionAnchorContainer translation-block\" data-start=\"4376\" data-end=\"4446\">\u00ab <strong data-start=\"4376\" data-end=\"4401\">Monter haut, dormir bas<\/strong> \u00bb est une strat\u00e9gie d'acclimatation couramment utilis\u00e9e.<\/p><p data-start=\"4448\" data-end=\"4466\">L'id\u00e9e de base est la suivante :<\/p><blockquote data-start=\"4468\" data-end=\"4580\"><p data-start=\"4470\" data-end=\"4580\">Gagnez de l'altitude en journ\u00e9e et redescendez pour dormir lorsque l'itin\u00e9raire le permet.<\/p><\/blockquote><p data-start=\"4582\" data-end=\"4683\">Cela expose l'organisme \u00e0 une altitude plus \u00e9lev\u00e9e tout en vous permettant de dormir \u00e0 une altitude relativement plus basse.<\/p><p data-start=\"4685\" data-end=\"4836\">Toutes les journ\u00e9es d'ascension du Kilimandjaro ne suivent pas exactement ce sch\u00e9ma, mais certains itin\u00e9raires int\u00e8grent des profils altim\u00e9triques con\u00e7us pour favoriser l'acclimatation.<\/p><p data-start=\"4838\" data-end=\"4939\">Votre guide et l'organisateur doivent d\u00e9terminer le rythme quotidien et l'itin\u00e9raire appropri\u00e9s en fonction du parcours.<\/p>\t\t\t\t\t\t\t\t<\/div>\n\t\t\t\t<div class=\"elementor-element elementor-element-1d3788e elementor-widget elementor-widget-heading\" data-id=\"1d3788e\" data-element_type=\"widget\" data-e-type=\"widget\" data-widget_type=\"heading.default\">\n\t\t\t\t\t<h2 class=\"elementor-heading-title elementor-size-default\">De combien de jours d'acclimatation avez-vous besoin pour le Kilimandjaro ?<\/h2>\t\t\t\t<\/div>\n\t\t\t\t<div class=\"elementor-element elementor-element-ac08de2 elementor-widget elementor-widget-text-editor\" data-id=\"ac08de2\" data-element_type=\"widget\" data-e-type=\"widget\" data-widget_type=\"text-editor.default\">\n\t\t\t\t\t\t\t\t\t<p class=\"PDq2pG_selectionAnchorContainer\" data-start=\"5007\" data-end=\"5065\">Il n'existe pas de chiffre universel qui convienne \u00e0 tous les grimpeurs.<\/p><p data-start=\"5067\" data-end=\"5136\">La dur\u00e9e d'acclimatation appropri\u00e9e d\u00e9pend de facteurs tels que :<\/p><ul data-start=\"5138\" data-end=\"5286\"><li data-section-id=\"179651t\" data-start=\"5138\" data-end=\"5145\">Itin\u00e9raire<\/li><li data-section-id=\"smv1ri\" data-start=\"5146\" data-end=\"5171\">Nombre de jours de trek<\/li><li data-section-id=\"hdezbr\" data-start=\"5172\" data-end=\"5194\">D\u00e9nivel\u00e9 positif quotidien<\/li><li data-section-id=\"jx2drr\" data-start=\"5195\" data-end=\"5225\">Exp\u00e9rience pr\u00e9alable en altitude<\/li><li data-section-id=\"sjpcfd\" data-start=\"5226\" data-end=\"5259\">R\u00e9ponse individuelle \u00e0 l'altitude<\/li><li data-section-id=\"fujkeq\" data-start=\"5260\" data-end=\"5286\">Conception globale de l'itin\u00e9raire<\/li><\/ul><p data-start=\"5288\" data-end=\"5396\" class=\"translation-block\">En g\u00e9n\u00e9ral, <strong data-start=\"5300\" data-end=\"5372\">les itin\u00e9raires plus longs offrent davantage de temps pour une adaptation progressive \u00e0 l'altitude<\/strong> que les ascensions tr\u00e8s courtes.<\/p><p data-start=\"5398\" data-end=\"5491\">C'est l'une des raisons pour lesquelles le choix de l'itin\u00e9raire ne devrait pas reposer uniquement sur le prix ou le nombre de jours.<\/p>\t\t\t\t\t\t\t\t<\/div>\n\t\t\t\t<div class=\"elementor-element elementor-element-176cb61 elementor-widget elementor-widget-heading\" data-id=\"176cb61\" data-element_type=\"widget\" data-e-type=\"widget\" data-widget_type=\"heading.default\">\n\t\t\t\t\t<h2 class=\"elementor-heading-title elementor-size-default\">Quelles voies du Kilimandjaro offrent de meilleures possibilit\u00e9s d'acclimatation ?<\/h2>\t\t\t\t<\/div>\n\t\t\t\t<div class=\"elementor-element elementor-element-4286130 elementor-widget elementor-widget-text-editor\" data-id=\"4286130\" data-element_type=\"widget\" data-e-type=\"widget\" data-widget_type=\"text-editor.default\">\n\t\t\t\t\t\t\t\t\t<p class=\"PDq2pG_selectionAnchorContainer\" data-start=\"5570\" data-end=\"5621\">Diff\u00e9rents itin\u00e9raires pr\u00e9sentent des profils altim\u00e9triques diff\u00e9rents.<\/p><h3 data-section-id=\"9lnpq8\" data-start=\"5623\" data-end=\"5640\">Itin\u00e9raire Lemosho<\/h3><p data-start=\"5642\" data-end=\"5727\">L'itin\u00e9raire Lemosho propose des options plus longues et une approche progressive vers les hauteurs de la montagne.<\/p><p data-start=\"5729\" data-end=\"5824\">C'est souvent consid\u00e9r\u00e9 comme un excellent choix pour les randonneurs qui souhaitent disposer de plus de temps pour s'acclimater \u00e0 l'altitude.<\/p><h3 data-section-id=\"1xtfm9\" data-start=\"5826\" data-end=\"5843\">Itin\u00e9raire Machame<\/h3><p data-start=\"5845\" data-end=\"5909\">L'itin\u00e9raire Machame offre \u00e9galement des options plus longues et des terrains vari\u00e9s.<\/p><p data-start=\"5911\" data-end=\"6010\">Certains itin\u00e9raires offrent la possibilit\u00e9 de gagner de l'altitude, pour ensuite redescendre dormir \u00e0 une altitude inf\u00e9rieure.<\/p><h3 data-section-id=\"64vg4j\" data-start=\"6012\" data-end=\"6032\">Northern Circuit<\/h3><p data-start=\"6034\" data-end=\"6139\">Le circuit Nord est r\u00e9put\u00e9 pour ses itin\u00e9raires plus longs et son approche prolong\u00e9e autour de la montagne.<\/p><p data-start=\"6141\" data-end=\"6214\">Cela donne aux randonneurs plus de temps en montagne avant d'atteindre le sommet.<\/p><h3 data-section-id=\"2hev98\" data-start=\"6216\" data-end=\"6233\">Itin\u00e9raire Marangu<\/h3><p data-start=\"6235\" data-end=\"6313\">L'ascension par la voie Marangu peut \u00eatre effectu\u00e9e en un nombre de jours relativement plus restreint, selon l'itin\u00e9raire.<\/p><p data-start=\"6315\" data-end=\"6429\">Comme les itin\u00e9raires plus courts laissent moins de temps pour s'adapter, il peut \u00eatre int\u00e9ressant d'envisager une version plus longue.<\/p><h3 data-section-id=\"1gk1grb\" data-start=\"6431\" data-end=\"6446\">Itin\u00e9raire Umbwe<\/h3><p data-start=\"6448\" data-end=\"6495\">Umbwe est r\u00e9put\u00e9 pour son ascension raide et directe.<\/p><p data-start=\"6497\" data-end=\"6579\">Son d\u00e9nivel\u00e9 plus rapide rend une planification minutieuse de l'itin\u00e9raire particuli\u00e8rement importante.<\/p>\t\t\t\t\t\t\t\t<\/div>\n\t\t\t\t<div class=\"elementor-element elementor-element-238bcea elementor-widget elementor-widget-heading\" data-id=\"238bcea\" data-element_type=\"widget\" data-e-type=\"widget\" data-widget_type=\"heading.default\">\n\t\t\t\t\t<h2 class=\"elementor-heading-title elementor-size-default\">Peut-on s'acclimater plus rapidement si l'on est tr\u00e8s en forme ?<\/h2>\t\t\t\t<\/div>\n\t\t\t\t<div class=\"elementor-element elementor-element-613a66d elementor-widget elementor-widget-text-editor\" data-id=\"613a66d\" data-element_type=\"widget\" data-e-type=\"widget\" data-widget_type=\"text-editor.default\">\n\t\t\t\t\t\t\t\t\t<p class=\"PDq2pG_selectionAnchorContainer\" data-start=\"6637\" data-end=\"6657\"><strong data-start=\"6637\" data-end=\"6657\">Pas n\u00e9cessairement.<\/strong><\/p><p data-start=\"6659\" data-end=\"6712\">La condition physique et l'acclimatation sont deux choses diff\u00e9rentes.<\/p><p data-start=\"6714\" data-end=\"6780\">Un athl\u00e8te en excellente condition physique peut tout de m\u00eame ressentir des sympt\u00f4mes li\u00e9s \u00e0 l'altitude.<\/p><p data-start=\"6782\" data-end=\"6947\">\u00catre en bonne condition physique peut vous aider \u00e0 faire face aux exigences physiques du trekking, mais cela ne signifie pas que votre corps s'adapte automatiquement plus vite \u00e0 une disponibilit\u00e9 r\u00e9duite en oxyg\u00e8ne.<\/p><p data-start=\"6949\" data-end=\"7013\">C'est pourquoi les grimpeurs exp\u00e9riment\u00e9s doivent tout de m\u00eame respecter l'altitude.<\/p>\t\t\t\t\t\t\t\t<\/div>\n\t\t\t\t<div class=\"elementor-element elementor-element-e8674aa elementor-widget elementor-widget-heading\" data-id=\"e8674aa\" data-element_type=\"widget\" data-e-type=\"widget\" data-widget_type=\"heading.default\">\n\t\t\t\t\t<h2 class=\"elementor-heading-title elementor-size-default\">Conclusion <\/h2>\t\t\t\t<\/div>\n\t\t\t\t<div class=\"elementor-element elementor-element-2defb35 elementor-widget elementor-widget-text-editor\" data-id=\"2defb35\" data-element_type=\"widget\" data-e-type=\"widget\" data-widget_type=\"text-editor.default\">\n\t\t\t\t\t\t\t\t\t<p class=\"PDq2pG_selectionAnchorContainer\" data-start=\"11954\" data-end=\"12007\">L'acclimatation ne se r\u00e9sume pas \u00e0 prendre une journ\u00e9e de repos.<\/p><p data-start=\"12009\" data-end=\"12108\" class=\"translation-block\">Il s'agit de donner \u00e0 votre corps le <strong data-start=\"12042\" data-end=\"12107\">temps et les conditions n\u00e9cessaires pour s'adapter \u00e0 l'altitude croissante<\/strong>.<\/p><p data-start=\"12110\" data-end=\"12255\">Un itin\u00e9raire bien con\u00e7u pour le Kilimandjaro associe une mont\u00e9e progressive, un rythme adapt\u00e9, du repos, une hydratation et une alimentation ad\u00e9quates, ainsi qu'un suivi continu.<\/p><p data-start=\"12257\" data-end=\"12379\">Si vous pr\u00e9parez votre premi\u00e8re ascension du Kilimandjaro, ne choisissez pas votre itin\u00e9raire uniquement en fonction de la dur\u00e9e ou du prix.<\/p><p data-start=\"12381\" data-end=\"12531\">Prenez en compte la mani\u00e8re dont l'itin\u00e9raire aborde la montagne, la rapidit\u00e9 du gain d'altitude et si le parcours laisse suffisamment de temps \u00e0 votre organisme pour s'adapter.<\/p><p data-start=\"12533\" data-end=\"12683\" data-is-last-node=\"\" data-is-only-node=\"\"><strong data-start=\"12533\" data-end=\"12683\" data-is-last-node=\"\">L'objectif n'est pas de gagner de l'altitude le plus vite possible, mais d'atteindre le sommet en toute s\u00e9curit\u00e9 et de vivre la meilleure exp\u00e9rience de trekking possible.<\/strong><\/p><p data-start=\"6061\" data-end=\"6169\">\u00a0<\/p>\t\t\t\t\t\t\t\t<\/div>\n\t\t\t\t<div class=\"elementor-element elementor-element-f4ce82f elementor-align-center elementor-widget elementor-widget-button\" data-id=\"f4ce82f\" data-element_type=\"widget\" data-e-type=\"widget\" data-widget_type=\"button.default\">\n\t\t\t\t\t\t\t\t\t\t<a class=\"elementor-button elementor-button-link elementor-size-sm\" href=\"https:\/\/kilimanjaroclimbingclub.com\/fr\/plan-kilimanjaro-climb\/\">\n\t\t\t\t\t\t<span class=\"elementor-button-content-wrapper\">\n\t\t\t\t\t\t\t\t\t<span class=\"elementor-button-text\">Pr\u00eat \u00e0 planifier votre ascension du Kilimandjaro\u00a0? Contactez nos experts d\u00e8s aujourd\u2019hui pour une consultation gratuite.<\/span>\n\t\t\t\t\t<\/span>\n\t\t\t\t\t<\/a>\n\t\t\t\t\t\t\t\t<\/div>\n\t\t\t\t<div class=\"elementor-element elementor-element-436542f elementor-widget elementor-widget-heading\" data-id=\"436542f\" data-element_type=\"widget\" data-e-type=\"widget\" data-widget_type=\"heading.default\">\n\t\t\t\t\t<h2 class=\"elementor-heading-title elementor-size-default\">FAQ<\/h2>\t\t\t\t<\/div>\n\t\t\t\t<div class=\"elementor-element elementor-element-a452b1d elementor-widget elementor-widget-elementskit-faq\" data-id=\"a452b1d\" data-element_type=\"widget\" data-e-type=\"widget\" data-widget_type=\"elementskit-faq.default\">\n\t\t\t\t\t<div class=\"ekit-wid-con\" >\n                <div class=\"elementskit-single-faq elementor-repeater-item-c0cc4e5\">\n            <div class=\"elementskit-faq-header\">\n                <h2 class=\"elementskit-faq-title\">Qu'est-ce qu'une journ\u00e9e d'acclimatation au Kilimandjaro ?<\/h2>\n            <\/div>\n            <div class=\"elementskit-faq-body\">\n                Une journ\u00e9e d'acclimatation est une journ\u00e9e int\u00e9gr\u00e9e \u00e0 l'itin\u00e9raire pour laisser \u00e0 votre organisme le temps de s'adapter \u00e0 l'altitude. Elle peut inclure une randonn\u00e9e plus courte, un gain d'altitude, un retour au camp et un temps de repos suppl\u00e9mentaire.            <\/div>\n        <\/div>\n                <div class=\"elementskit-single-faq elementor-repeater-item-acaa7f2\">\n            <div class=\"elementskit-faq-header\">\n                <h2 class=\"elementskit-faq-title\">Faites-vous une randonn\u00e9e lors d'une journ\u00e9e d'acclimatation ?<\/h2>\n            <\/div>\n            <div class=\"elementskit-faq-body\">\n                Souvent, oui. Selon l'itin\u00e9raire, une journ\u00e9e d'acclimatation peut consister en une randonn\u00e9e plus courte, con\u00e7ue pour vous exposer \u00e0 des altitudes plus \u00e9lev\u00e9es tout en vous offrant un temps de r\u00e9cup\u00e9ration suppl\u00e9mentaire.            <\/div>\n        <\/div>\n                <div class=\"elementskit-single-faq elementor-repeater-item-1c91862\">\n            <div class=\"elementskit-faq-header\">\n                <h2 class=\"elementskit-faq-title\">Une journ\u00e9e d'acclimatation est-elle une journ\u00e9e de repos complet ?<\/h2>\n            <\/div>\n            <div class=\"elementskit-faq-body\">\n                Pas n\u00e9cessairement. Certains itin\u00e9raires pr\u00e9voient une acclimatation active plut\u00f4t qu'un repos complet.            <\/div>\n        <\/div>\n                <div class=\"elementskit-single-faq elementor-repeater-item-176e078\">\n            <div class=\"elementskit-faq-header\">\n                <h2 class=\"elementskit-faq-title\">L'acclimatation est-elle n\u00e9cessaire au Kilimandjaro ?<\/h2>\n            <\/div>\n            <div class=\"elementskit-faq-body\">\n                L'acclimatation est un aspect important du trekking en haute altitude. Choisir un itin\u00e9raire permettant une ascension plus progressive peut aider votre organisme \u00e0 s'adapter aux variations d'altitude.            <\/div>\n        <\/div>\n                <div class=\"elementskit-single-faq elementor-repeater-item-cbe5ea7\">\n            <div class=\"elementskit-faq-header\">\n                <h2 class=\"elementskit-faq-title\">Les personnes en bonne condition physique peuvent-elles tout de m\u00eame souffrir du mal des montagnes ?<\/h2>\n            <\/div>\n            <div class=\"elementskit-faq-body\">\n                Oui. Une bonne condition physique ne garantit pas une protection contre le mal des montagnes.            <\/div>\n        <\/div>\n                \n    <\/div>\t\t\t\t<\/div>\n\t\t\t\t<div class=\"elementor-element elementor-element-30e8e7f elementor-widget elementor-widget-elementskit-faq\" data-id=\"30e8e7f\" data-element_type=\"widget\" data-e-type=\"widget\" data-widget_type=\"elementskit-faq.default\">\n\t\t\t\t\t<div class=\"ekit-wid-con\" >\n                <div class=\"elementskit-single-faq elementor-repeater-item-c0cc4e5\">\n            <div class=\"elementskit-faq-header\">\n                <h2 class=\"elementskit-faq-title\">Dois-je \u00eatre en tr\u00e8s bonne condition physique pour gravir le Kilimandjaro ?<\/h2>\n            <\/div>\n            <div class=\"elementskit-faq-body\">\n                Il n'est pas n\u00e9cessaire d'\u00eatre un athl\u00e8te de haut niveau, mais vous devriez vous pr\u00e9parer \u00e0 de longues journ\u00e9es de marche et \u00e0 un d\u00e9nivel\u00e9 important. D\u00e9velopper votre endurance et votre condition physique g\u00e9n\u00e9rale rendra le trek plus abordable.            <\/div>\n        <\/div>\n                <div class=\"elementskit-single-faq elementor-repeater-item-acaa7f2\">\n            <div class=\"elementskit-faq-header\">\n                <h2 class=\"elementskit-faq-title\">Que devrais-je pratiquer avant de gravir le Kilimandjaro ?<\/h2>\n            <\/div>\n            <div class=\"elementskit-faq-body\">\n                La marche r\u00e9guli\u00e8re, la randonn\u00e9e, les parcours en c\u00f4te ou dans les escaliers ainsi que les activit\u00e9s d'endurance prolong\u00e9es peuvent aider \u00e0 pr\u00e9parer votre corps aux exigences physiques du trekking.            <\/div>\n        <\/div>\n                <div class=\"elementskit-single-faq elementor-repeater-item-1c91862\">\n            <div class=\"elementskit-faq-header\">\n                <h2 class=\"elementskit-faq-title\">Comment dois-je me pr\u00e9parer \u00e0 l'altitude du Kilimandjaro ?<\/h2>\n            <\/div>\n            <div class=\"elementskit-faq-body\">\n                Renseignez-vous sur le mal des montagnes, choisissez un itin\u00e9raire adapt\u00e9, montez progressivement, restez en contact avec votre guide et signalez rapidement tout sympt\u00f4me.            <\/div>\n        <\/div>\n                <div class=\"elementskit-single-faq elementor-repeater-item-176e078\">\n            <div class=\"elementskit-faq-header\">\n                <h2 class=\"elementskit-faq-title\">Ai-je besoin de comp\u00e9tences particuli\u00e8res en escalade pour le Kilimandjaro ?<\/h2>\n            <\/div>\n            <div class=\"elementskit-faq-body\">\n                Les itin\u00e9raires de trekking classiques du Kilimandjaro ne n\u00e9cessitent pas de comp\u00e9tences techniques en alpinisme. Toutefois, l'ascension exige tout de m\u00eame de l'endurance physique et de la pr\u00e9paration.            <\/div>\n        <\/div>\n                <div class=\"elementskit-single-faq elementor-repeater-item-cbe5ea7\">\n            <div class=\"elementskit-faq-header\">\n                <h2 class=\"elementskit-faq-title\">Que dois-je emporter pour le Kilimandjaro ?<\/h2>\n            <\/div>\n            <div class=\"elementskit-faq-body\">\n                Vous devez pr\u00e9voir des chaussures de randonn\u00e9e adapt\u00e9es, des v\u00eatements \u00e0 superposer, une protection contre la pluie, des v\u00eatements chauds pour le sommet, de quoi vous hydrater, des effets personnels ainsi que tout \u00e9quipement sp\u00e9cifi\u00e9 par votre organisateur de randonn\u00e9e.            <\/div>\n        <\/div>\n                \n    <\/div>\t\t\t\t<\/div>\n\t\t\t\t\t<\/div>\n\t\t\t\t<\/div>\n\t\t\t\t<\/div>","protected":false},"excerpt":{"rendered":"<p>When planning a Mount Kilimanjaro trek, one of the most important things to understand is acclimatization. You may notice that some Kilimanjaro itineraries include an additional acclimatization day while others continue climbing every day. For first-time trekkers, this can raise an important question: What actually happens during an acclimatization day on Kilimanjaro? An acclimatization day &#8230; <a title=\"Tout savoir sur les jours d&#039;acclimatation au Kilimandjaro : que se passe-t-il lors d&#039;une journ\u00e9e de repos en haute altitude ?\" class=\"read-more\" href=\"https:\/\/kilimanjaroclimbingclub.com\/fr\/kilimanjaro-acclimatization-days-explained-what-happens-during-a-rest-day-at-high-altitude\/\" aria-label=\"En savoir plus sur Kilimanjaro Acclimatization Days Explained: What Happens During a Rest Day at High Altitude?\">Lire la suite<\/a><\/p>","protected":false},"author":1,"featured_media":0,"comment_status":"open","ping_status":"open","sticky":false,"template":"","format":"standard","meta":{"footnotes":""},"categories":[1],"tags":[],"class_list":["post-13674","post","type-post","status-publish","format-standard","hentry","category-uncategorized"],"aioseo_notices":[],"_links":{"self":[{"href":"https:\/\/kilimanjaroclimbingclub.com\/fr\/wp-json\/wp\/v2\/posts\/13674","targetHints":{"allow":["GET"]}}],"collection":[{"href":"https:\/\/kilimanjaroclimbingclub.com\/fr\/wp-json\/wp\/v2\/posts"}],"about":[{"href":"https:\/\/kilimanjaroclimbingclub.com\/fr\/wp-json\/wp\/v2\/types\/post"}],"author":[{"embeddable":true,"href":"https:\/\/kilimanjaroclimbingclub.com\/fr\/wp-json\/wp\/v2\/users\/1"}],"replies":[{"embeddable":true,"href":"https:\/\/kilimanjaroclimbingclub.com\/fr\/wp-json\/wp\/v2\/comments?post=13674"}],"version-history":[{"count":4,"href":"https:\/\/kilimanjaroclimbingclub.com\/fr\/wp-json\/wp\/v2\/posts\/13674\/revisions"}],"predecessor-version":[{"id":13679,"href":"https:\/\/kilimanjaroclimbingclub.com\/fr\/wp-json\/wp\/v2\/posts\/13674\/revisions\/13679"}],"wp:attachment":[{"href":"https:\/\/kilimanjaroclimbingclub.com\/fr\/wp-json\/wp\/v2\/media?parent=13674"}],"wp:term":[{"taxonomy":"category","embeddable":true,"href":"https:\/\/kilimanjaroclimbingclub.com\/fr\/wp-json\/wp\/v2\/categories?post=13674"},{"taxonomy":"post_tag","embeddable":true,"href":"https:\/\/kilimanjaroclimbingclub.com\/fr\/wp-json\/wp\/v2\/tags?post=13674"}],"curies":[{"name":"wp","href":"https:\/\/api.w.org\/{rel}","templated":true}]}}